{"id":1394,"date":"2018-08-06T16:29:14","date_gmt":"2018-08-06T16:29:14","guid":{"rendered":"https:\/\/www.goelba.eu\/blog\/?p=1394"},"modified":"2022-10-07T10:36:49","modified_gmt":"2022-10-07T08:36:49","slug":"die-insel-elba-im-august","status":"publish","type":"post","link":"https:\/\/www.goelba.eu\/blog\/die-insel-elba-im-august\/","title":{"rendered":"Die Insel Elba im August"},"content":{"rendered":"<p><a href=\"https:\/\/www.goelba.eu\/blog\/wp-content\/uploads\/2018\/08\/ok-1.jpg\"><img loading=\"lazy\" decoding=\"async\" class=\"size-full wp-image-1395 aligncenter\" src=\"https:\/\/www.goelba.eu\/blog\/wp-content\/uploads\/2018\/08\/ok-1.jpg\" alt=\"Insel Elba, nacht, see, port. \" width=\"1117\" height=\"509\" srcset=\"https:\/\/www.goelba.eu\/blog\/wp-content\/uploads\/2018\/08\/ok-1.jpg 1117w, https:\/\/www.goelba.eu\/blog\/wp-content\/uploads\/2018\/08\/ok-1-300x137.jpg 300w, https:\/\/www.goelba.eu\/blog\/wp-content\/uploads\/2018\/08\/ok-1-768x350.jpg 768w, https:\/\/www.goelba.eu\/blog\/wp-content\/uploads\/2018\/08\/ok-1-1024x467.jpg 1024w, https:\/\/www.goelba.eu\/blog\/wp-content\/uploads\/2018\/08\/ok-1-365x166.jpg 365w, https:\/\/www.goelba.eu\/blog\/wp-content\/uploads\/2018\/08\/ok-1-365x166@2x.jpg 730w\" sizes=\"auto, (max-width: 1117px) 100vw, 1117px\" \/><\/a><\/p>\n<p>Der Urlaub auf der Insel Elba im August kann einige vor der Buchung zu Zweifeln bringen und anderen Unannehmlichkeiten w\u00e4hrend des Urlaubs verursachen. Wir sind auf dem H\u00f6hepunkt des Sommers, die Mitte August markiert, die Kurve geht dann nach der ersten Septemberwoche wieder abw\u00e4rts. Im August auf Elba muss man wissen, wie man sich organisieren soll, Vertrautheit mit Schl\u00fcsselpunkten und Zeitpl\u00e4nen nehmen, und &#8230; dem Wind: es gibt einige kostenlose Apps, die Ihnen helfen k\u00f6nnen, aber vor allem sollten Sie klare Vorstellungen dar\u00fcber haben, was Sie tun oder nicht tun wollen &#8230; oder bleiben Sie unter der Pergola Ihrer Wohnung am Meer, und genie\u00dfen einfach die langen Sommertage. Was aus verschiedenen Gr\u00fcnden (nicht nur von der Hitze) ich Ihnen abraten m\u00f6chte, ist von den langen Wanderungen. August ist wirklich der richtige Monat, um das Meer zu genie\u00dfen: auf unserem Blog finden Sie einige Artikel \u00fcber die verschiedenen Str\u00e4nde der Insel, so dass Sie eine Vorstellung haben, welcher Strand Ihnen passen k\u00f6nnte (oder eher nicht): https:\/\/www.goelba.eu\/blog\/category\/strande\/.<br \/>\nAugust Auf Elba ist auch der Monat der Dorffeste, oft zur Selbstfinanzierung von freiwilligen Vereinigungen aller Art, in der Regel nicht geeignet f\u00fcr diejenigen, die Ruhe und Stille lieben, sondern f\u00fcr die, die einen Abend in einer sorgenfreien und h\u00e4uslichen Umgebung verbringen wollen.<\/p>\n<p>&nbsp;<\/p>\n<p style=\"text-align: center;\"><span style=\"font-size: 24pt;\"><strong><span style=\"color: #000000;\">DE ANDRE&#8216; DAY<\/span><\/strong><\/span><\/p>\n<p>&nbsp;<\/p>\n<p><a href=\"https:\/\/www.goelba.eu\/blog\/wp-content\/uploads\/2018\/08\/ok3.jpg\"><img loading=\"lazy\" decoding=\"async\" class=\"size-full wp-image-1397 aligncenter\" src=\"https:\/\/www.goelba.eu\/blog\/wp-content\/uploads\/2018\/08\/ok3.jpg\" alt=\"insel elba, musik\" width=\"1130\" height=\"536\" srcset=\"https:\/\/www.goelba.eu\/blog\/wp-content\/uploads\/2018\/08\/ok3.jpg 1130w, https:\/\/www.goelba.eu\/blog\/wp-content\/uploads\/2018\/08\/ok3-300x142.jpg 300w, https:\/\/www.goelba.eu\/blog\/wp-content\/uploads\/2018\/08\/ok3-768x364.jpg 768w, https:\/\/www.goelba.eu\/blog\/wp-content\/uploads\/2018\/08\/ok3-1024x486.jpg 1024w, https:\/\/www.goelba.eu\/blog\/wp-content\/uploads\/2018\/08\/ok3-365x173.jpg 365w, https:\/\/www.goelba.eu\/blog\/wp-content\/uploads\/2018\/08\/ok3-365x173@2x.jpg 730w\" sizes=\"auto, (max-width: 1130px) 100vw, 1130px\" \/><\/a><\/p>\n<p style=\"text-align: justify;\">Info: ale@bwp.it<br \/>\nSiehe die Facebook-Seite: https:\/\/www.facebook.com\/DeAndreDayElba\/<br \/>\nDas erste Mal war der 20. August 1998 und seitdem ist es eines der interessantesten und beliebtesten Ereignisse des elbanischen Sommers geworden.<br \/>\nDie Hommage an den genuesischen Singer-Songwriter k\u00f6nnte mit dem Charakter sowohl im Setting als auch in der Performance des Abends nicht stimmiger sein. Der Abend findet tats\u00e4chlich auf dem sch\u00f6nen Platz vor der Kirche von San Piero statt, einem entz\u00fcckenden und strengen Dorf, etwas mehr als zweihundert Meter \u00fcber dem Strand von Marina di Campo (aber man atmet eine ganz andere Luft, beide im eigentlichen Sinne und metaphorisch!).<br \/>\nSehen Sie ein Post auf San Piero in meinem Blog: https:\/\/www.goelba.it\/blog\/san-piero-isola-elba\/ und Sie werden verstehen, dass es einen Besuch wert ist.<br \/>\nSan Piero ist das &#8222;Ursprungsland&#8220; des touristischsten Zentrums der Insel Elba, Marina di Campo, heute, wo die Wirtschaft am gro\u00dfen Strand ganz unten angesiedelt ist, lebt das antike Dorf eine herrliche Einsamkeit, die Ihnen sehr gefallen k\u00f6nnte.<br \/>\nWir sitzen auf den Stufen im Amphitheater vor der B\u00fchne, genie\u00dfen die frische Luft mit den D\u00fcften der Insel und h\u00f6ren einigen Elban-K\u00fcnstlern zu, die im Cover des S\u00e4ngers antreten; auch wenn sie keine nationalen Stars sind, untersch\u00e4tzen Sie nicht das Talent dieser jungen S\u00e4nger und Musiker, die eine Atmosph\u00e4re schaffen k\u00f6nnen, die manchmal sogar bewegt.<br \/>\nJedes Jahr wird ein Musiker oder S\u00e4nger von nationalem Ruhm als Ehrengast eingeladen. Ein Tipp dazu: der Parkplatz ist direkt \u00fcber dem Dorf, bei dem Sportfeld, 5 min. zu Fu\u00df vom Dorfzentrum entfernt.<\/p>\n<p style=\"text-align: center;\"><span style=\"font-size: 24pt; color: #000000;\"><strong>PYROTECHNISCHE SHOWS<\/strong><\/span><\/p>\n<p><a href=\"https:\/\/www.goelba.eu\/blog\/wp-content\/uploads\/2018\/08\/ok-2.jpg\"><br \/>\n<img loading=\"lazy\" decoding=\"async\" class=\"size-full wp-image-1396 aligncenter\" src=\"https:\/\/www.goelba.eu\/blog\/wp-content\/uploads\/2018\/08\/ok-2.jpg\" alt=\"elba, pyrotechnische show, august\" width=\"1130\" height=\"536\" srcset=\"https:\/\/www.goelba.eu\/blog\/wp-content\/uploads\/2018\/08\/ok-2.jpg 1130w, https:\/\/www.goelba.eu\/blog\/wp-content\/uploads\/2018\/08\/ok-2-300x142.jpg 300w, https:\/\/www.goelba.eu\/blog\/wp-content\/uploads\/2018\/08\/ok-2-768x364.jpg 768w, https:\/\/www.goelba.eu\/blog\/wp-content\/uploads\/2018\/08\/ok-2-1024x486.jpg 1024w, https:\/\/www.goelba.eu\/blog\/wp-content\/uploads\/2018\/08\/ok-2-365x173.jpg 365w, https:\/\/www.goelba.eu\/blog\/wp-content\/uploads\/2018\/08\/ok-2-365x173@2x.jpg 730w\" sizes=\"auto, (max-width: 1130px) 100vw, 1130px\" \/><\/a><\/p>\n<p style=\"text-align: justify;\"><span style=\"font-size: 12pt;\">Gerade wegen der besonderen Aufregung im elbanischen August sind die Initiativen von kulturellem Format nicht so zahlreich wie in den anderen Monaten, aber das Schicksal will, dass einige D\u00f6rfe im August ihren eigenen Schutzpatron feiern, so dass man Feuerwerk sehen und an Dorffesten in einigen der ber\u00fchmtesten D\u00f6rfer der Insel teilnehmen kann. Wen diese Art von Show mag, weise ich gerne auf die wichtigsten hin. Denken Sie daran, dass Ihr Hund oder Ihre Katze, wie alle Tiere, durch den L\u00e4rm so ver\u00e4ngstigt sind, dass sie manchmal ernsthafte Konsequenzen haben k\u00f6nnen. <\/span><br \/>\n<span style=\"font-size: 12pt; color: #000000;\"><strong>RIO MARINA &#8211; 16. August &#8211; San Rocco.<\/strong> <\/span><br \/>\n<span style=\"font-size: 12pt;\">Nach der Messe die Prozession und dann musikalischen Initiativen f\u00fcr das ganze Dorf, vor dem Feuerwerk. Ich muss sagen, unter allen Festen dieser Art (da wo ich nicht sonderlich angezogen bin), ist das in Rio Marina vielleicht diejenige, die etwas mehr zur\u00fcckgibt. Meiner Meinung nach, h\u00e4ngt davon ab, dass dieser Tag von den Einheimischen &#8222;wirklich&#8220; gef\u00fchlt wird. Nicht dass bei anderen D\u00f6rfern das Schutzpatronfest mit Pathos nicht erlebt wird, aber mein Gef\u00fchl sagt mir, dass f\u00fcr Rio Marina San Rocco tats\u00e4chlich der wichtigste Urlaub des Jahres ist, mit oder ohne Touristen. <\/span><br \/>\n<span style=\"font-size: 12pt; color: #000000;\"><strong>MARCIANA MARINA &#8211; 11.\/12. August &#8211; Santa Chiara. <\/strong><\/span><br \/>\n<span style=\"font-size: 12pt;\">In Marciana Marina wird die Schutzpatronin nicht nur an einem, sondern an zwei Tagen gefeiert. Am ersten Tag werden findet das religi\u00f6se Feiern statt, einschlie\u00dflich zwei Messen, eine am Morgen und eine am Abend, und die unvermeidliche Prozession, in der die Patronin zum Land und zum Meer gebracht wird, bevor sie zur\u00fcck in die Kirche gebracht wird. Was das Feuerwerk von Marciana Marina auszeichnet, ist die sch\u00f6ne Musik die das Show begleitet, professionell von einem Discjockey gef\u00fchrt. <\/span><br \/>\n<span style=\"font-size: 12pt; color: #000000;\"><strong>MARINA DI CAMPO &#8211; 7. August &#8211; San Gaetano.<\/strong> <\/span><br \/>\n<span style=\"font-size: 12pt;\">Messe, Meersprozession im Golf von Marina di Campo mit mehreren Tauchern, die die Statue von San Gaetano vom Strand zum Boot und umgekehrt am Wasser tragen. Der Veranstaltung gehen musikalische Initiativen voraus. Sehr suggestiv der Golf von den Feuerwerken beleuchtet. <\/span><br \/>\n<span style=\"font-size: 12pt; color: #000000;\"><strong>PORTOFERRAIO &#8211; 15. August.<\/strong> <\/span><br \/>\n<span style=\"font-size: 12pt;\">Die Hauptstadt feiert ihren Schutzpatron San Crispino zwar am 29. April, aber die Gelegenheit der August-Ferien ist zu gierig, um das Fest mit vielen Feuerwerken, die das sch\u00f6ne Hafenbecken aus dem 16. Jahrhundert beleuchten, nicht zu wiederholen.<\/span><\/p>\n","protected":false},"excerpt":{"rendered":"<p>Der Urlaub auf der Insel Elba im August kann einige vor der Buchung zu Zweifeln bringen und anderen Unannehmlichkeiten w\u00e4hrend des Urlaubs verursachen. Wir sind auf dem H\u00f6hepunkt des Sommers, die Mitte August markiert, die Kurve geht dann nach der ersten Septemberwoche wieder abw\u00e4rts. Im August auf Elba muss man wissen, wie man sich organisieren [&hellip;]<\/p>\n","protected":false},"author":2,"featured_media":1396,"comment_status":"open","ping_status":"closed","sticky":false,"template":"","format":"standard","meta":{"_acf_changed":false,"footnotes":""},"categories":[2,1],"tags":[3,108,43,109,91],"class_list":["post-1394","post","type-post","status-publish","format-standard","has-post-thumbnail","hentry","category-informationen","category-uncategorized","tag-elba","tag-free-time","tag-italien","tag-musik","tag-urlaub"],"acf":[],"yoast_head":"<!-- This site is optimized with the Yoast SEO plugin v24.8.1 - https:\/\/yoast.com\/wordpress\/plugins\/seo\/ -->\n<title>Die Insel Elba im August<\/title>\n<meta name=\"description\" content=\"Hauptveranstaltungen auf der Insel Elba im August\" \/>\n<meta name=\"robots\" content=\"index, follow, max-snippet:-1, max-image-preview:large, max-video-preview:-1\" \/>\n<link rel=\"canonical\" href=\"https:\/\/www.goelba.eu\/blog\/die-insel-elba-im-august\/\" \/>\n<meta property=\"og:locale\" content=\"de_DE\" \/>\n<meta property=\"og:type\" content=\"article\" \/>\n<meta property=\"og:title\" content=\"Die Insel Elba im August\" \/>\n<meta property=\"og:description\" content=\"Hauptveranstaltungen auf der Insel Elba im August\" \/>\n<meta property=\"og:url\" content=\"https:\/\/www.goelba.eu\/blog\/die-insel-elba-im-august\/\" \/>\n<meta property=\"og:site_name\" content=\"Goelba.eu\" \/>\n<meta property=\"article:published_time\" content=\"2018-08-06T16:29:14+00:00\" \/>\n<meta property=\"article:modified_time\" content=\"2022-10-07T08:36:49+00:00\" \/>\n<meta property=\"og:image\" content=\"https:\/\/www.goelba.eu\/blog\/wp-content\/uploads\/2018\/08\/ok-2.jpg\" \/>\n\t<meta property=\"og:image:width\" content=\"1130\" \/>\n\t<meta property=\"og:image:height\" content=\"536\" \/>\n\t<meta property=\"og:image:type\" content=\"image\/jpeg\" \/>\n<meta name=\"author\" content=\"graziano\" \/>\n<meta name=\"twitter:card\" content=\"summary_large_image\" \/>\n<meta name=\"twitter:label1\" content=\"Verfasst von\" \/>\n\t<meta name=\"twitter:data1\" content=\"graziano\" \/>\n\t<meta name=\"twitter:label2\" content=\"Gesch\u00e4tzte Lesezeit\" \/>\n\t<meta name=\"twitter:data2\" content=\"4\u00a0Minuten\" \/>\n<script type=\"application\/ld+json\" class=\"yoast-schema-graph\">{\"@context\":\"https:\/\/schema.org\",\"@graph\":[{\"@type\":\"WebPage\",\"@id\":\"https:\/\/www.goelba.eu\/blog\/die-insel-elba-im-august\/\",\"url\":\"https:\/\/www.goelba.eu\/blog\/die-insel-elba-im-august\/\",\"name\":\"Die Insel Elba im August\",\"isPartOf\":{\"@id\":\"https:\/\/www.goelba.eu\/blog\/#website\"},\"primaryImageOfPage\":{\"@id\":\"https:\/\/www.goelba.eu\/blog\/die-insel-elba-im-august\/#primaryimage\"},\"image\":{\"@id\":\"https:\/\/www.goelba.eu\/blog\/die-insel-elba-im-august\/#primaryimage\"},\"thumbnailUrl\":\"https:\/\/www.goelba.eu\/blog\/wp-content\/uploads\/2018\/08\/ok-2.jpg\",\"datePublished\":\"2018-08-06T16:29:14+00:00\",\"dateModified\":\"2022-10-07T08:36:49+00:00\",\"author\":{\"@id\":\"https:\/\/www.goelba.eu\/blog\/#\/schema\/person\/fc65b3369cf07f3e01ab2cfe7bd7d505\"},\"description\":\"Hauptveranstaltungen auf der Insel Elba im August\",\"breadcrumb\":{\"@id\":\"https:\/\/www.goelba.eu\/blog\/die-insel-elba-im-august\/#breadcrumb\"},\"inLanguage\":\"de\",\"potentialAction\":[{\"@type\":\"ReadAction\",\"target\":[\"https:\/\/www.goelba.eu\/blog\/die-insel-elba-im-august\/\"]}]},{\"@type\":\"ImageObject\",\"inLanguage\":\"de\",\"@id\":\"https:\/\/www.goelba.eu\/blog\/die-insel-elba-im-august\/#primaryimage\",\"url\":\"https:\/\/www.goelba.eu\/blog\/wp-content\/uploads\/2018\/08\/ok-2.jpg\",\"contentUrl\":\"https:\/\/www.goelba.eu\/blog\/wp-content\/uploads\/2018\/08\/ok-2.jpg\",\"width\":1130,\"height\":536,\"caption\":\"elba, pyrotechnische show, august\"},{\"@type\":\"BreadcrumbList\",\"@id\":\"https:\/\/www.goelba.eu\/blog\/die-insel-elba-im-august\/#breadcrumb\",\"itemListElement\":[{\"@type\":\"ListItem\",\"position\":1,\"name\":\"Home\",\"item\":\"https:\/\/www.goelba.eu\/blog\/\"},{\"@type\":\"ListItem\",\"position\":2,\"name\":\"Die Insel Elba im August\"}]},{\"@type\":\"WebSite\",\"@id\":\"https:\/\/www.goelba.eu\/blog\/#website\",\"url\":\"https:\/\/www.goelba.eu\/blog\/\",\"name\":\"Goelba.eu\",\"description\":\"Was Sie f\u00fcr Ihren Urlaub auf der Insel Elba wissen m\u00fcssen\",\"potentialAction\":[{\"@type\":\"SearchAction\",\"target\":{\"@type\":\"EntryPoint\",\"urlTemplate\":\"https:\/\/www.goelba.eu\/blog\/?s={search_term_string}\"},\"query-input\":{\"@type\":\"PropertyValueSpecification\",\"valueRequired\":true,\"valueName\":\"search_term_string\"}}],\"inLanguage\":\"de\"},{\"@type\":\"Person\",\"@id\":\"https:\/\/www.goelba.eu\/blog\/#\/schema\/person\/fc65b3369cf07f3e01ab2cfe7bd7d505\",\"name\":\"graziano\",\"image\":{\"@type\":\"ImageObject\",\"inLanguage\":\"de\",\"@id\":\"https:\/\/www.goelba.eu\/blog\/#\/schema\/person\/image\/\",\"url\":\"https:\/\/secure.gravatar.com\/avatar\/39994bc7a9459d4ca93ec526e4111fc647dcc0154a3f30ce89670fbd82b43329?s=96&d=mm&r=g\",\"contentUrl\":\"https:\/\/secure.gravatar.com\/avatar\/39994bc7a9459d4ca93ec526e4111fc647dcc0154a3f30ce89670fbd82b43329?s=96&d=mm&r=g\",\"caption\":\"graziano\"},\"url\":\"https:\/\/www.goelba.eu\/blog\/author\/graziano\/\"}]}<\/script>\n<!-- \/ Yoast SEO plugin. -->","yoast_head_json":{"title":"Die Insel Elba im August","description":"Hauptveranstaltungen auf der Insel Elba im August","robots":{"index":"index","follow":"follow","max-snippet":"max-snippet:-1","max-image-preview":"max-image-preview:large","max-video-preview":"max-video-preview:-1"},"canonical":"https:\/\/www.goelba.eu\/blog\/die-insel-elba-im-august\/","og_locale":"de_DE","og_type":"article","og_title":"Die Insel Elba im August","og_description":"Hauptveranstaltungen auf der Insel Elba im August","og_url":"https:\/\/www.goelba.eu\/blog\/die-insel-elba-im-august\/","og_site_name":"Goelba.eu","article_published_time":"2018-08-06T16:29:14+00:00","article_modified_time":"2022-10-07T08:36:49+00:00","og_image":[{"width":1130,"height":536,"url":"https:\/\/www.goelba.eu\/blog\/wp-content\/uploads\/2018\/08\/ok-2.jpg","type":"image\/jpeg"}],"author":"graziano","twitter_card":"summary_large_image","twitter_misc":{"Verfasst von":"graziano","Gesch\u00e4tzte Lesezeit":"4\u00a0Minuten"},"schema":{"@context":"https:\/\/schema.org","@graph":[{"@type":"WebPage","@id":"https:\/\/www.goelba.eu\/blog\/die-insel-elba-im-august\/","url":"https:\/\/www.goelba.eu\/blog\/die-insel-elba-im-august\/","name":"Die Insel Elba im August","isPartOf":{"@id":"https:\/\/www.goelba.eu\/blog\/#website"},"primaryImageOfPage":{"@id":"https:\/\/www.goelba.eu\/blog\/die-insel-elba-im-august\/#primaryimage"},"image":{"@id":"https:\/\/www.goelba.eu\/blog\/die-insel-elba-im-august\/#primaryimage"},"thumbnailUrl":"https:\/\/www.goelba.eu\/blog\/wp-content\/uploads\/2018\/08\/ok-2.jpg","datePublished":"2018-08-06T16:29:14+00:00","dateModified":"2022-10-07T08:36:49+00:00","author":{"@id":"https:\/\/www.goelba.eu\/blog\/#\/schema\/person\/fc65b3369cf07f3e01ab2cfe7bd7d505"},"description":"Hauptveranstaltungen auf der Insel Elba im August","breadcrumb":{"@id":"https:\/\/www.goelba.eu\/blog\/die-insel-elba-im-august\/#breadcrumb"},"inLanguage":"de","potentialAction":[{"@type":"ReadAction","target":["https:\/\/www.goelba.eu\/blog\/die-insel-elba-im-august\/"]}]},{"@type":"ImageObject","inLanguage":"de","@id":"https:\/\/www.goelba.eu\/blog\/die-insel-elba-im-august\/#primaryimage","url":"https:\/\/www.goelba.eu\/blog\/wp-content\/uploads\/2018\/08\/ok-2.jpg","contentUrl":"https:\/\/www.goelba.eu\/blog\/wp-content\/uploads\/2018\/08\/ok-2.jpg","width":1130,"height":536,"caption":"elba, pyrotechnische show, august"},{"@type":"BreadcrumbList","@id":"https:\/\/www.goelba.eu\/blog\/die-insel-elba-im-august\/#breadcrumb","itemListElement":[{"@type":"ListItem","position":1,"name":"Home","item":"https:\/\/www.goelba.eu\/blog\/"},{"@type":"ListItem","position":2,"name":"Die Insel Elba im August"}]},{"@type":"WebSite","@id":"https:\/\/www.goelba.eu\/blog\/#website","url":"https:\/\/www.goelba.eu\/blog\/","name":"Goelba.eu","description":"Was Sie f\u00fcr Ihren Urlaub auf der Insel Elba wissen m\u00fcssen","potentialAction":[{"@type":"SearchAction","target":{"@type":"EntryPoint","urlTemplate":"https:\/\/www.goelba.eu\/blog\/?s={search_term_string}"},"query-input":{"@type":"PropertyValueSpecification","valueRequired":true,"valueName":"search_term_string"}}],"inLanguage":"de"},{"@type":"Person","@id":"https:\/\/www.goelba.eu\/blog\/#\/schema\/person\/fc65b3369cf07f3e01ab2cfe7bd7d505","name":"graziano","image":{"@type":"ImageObject","inLanguage":"de","@id":"https:\/\/www.goelba.eu\/blog\/#\/schema\/person\/image\/","url":"https:\/\/secure.gravatar.com\/avatar\/39994bc7a9459d4ca93ec526e4111fc647dcc0154a3f30ce89670fbd82b43329?s=96&d=mm&r=g","contentUrl":"https:\/\/secure.gravatar.com\/avatar\/39994bc7a9459d4ca93ec526e4111fc647dcc0154a3f30ce89670fbd82b43329?s=96&d=mm&r=g","caption":"graziano"},"url":"https:\/\/www.goelba.eu\/blog\/author\/graziano\/"}]}},"_links":{"self":[{"href":"https:\/\/www.goelba.eu\/blog\/wp-json\/wp\/v2\/posts\/1394","targetHints":{"allow":["GET"]}}],"collection":[{"href":"https:\/\/www.goelba.eu\/blog\/wp-json\/wp\/v2\/posts"}],"about":[{"href":"https:\/\/www.goelba.eu\/blog\/wp-json\/wp\/v2\/types\/post"}],"author":[{"embeddable":true,"href":"https:\/\/www.goelba.eu\/blog\/wp-json\/wp\/v2\/users\/2"}],"replies":[{"embeddable":true,"href":"https:\/\/www.goelba.eu\/blog\/wp-json\/wp\/v2\/comments?post=1394"}],"version-history":[{"count":0,"href":"https:\/\/www.goelba.eu\/blog\/wp-json\/wp\/v2\/posts\/1394\/revisions"}],"wp:featuredmedia":[{"embeddable":true,"href":"https:\/\/www.goelba.eu\/blog\/wp-json\/wp\/v2\/media\/1396"}],"wp:attachment":[{"href":"https:\/\/www.goelba.eu\/blog\/wp-json\/wp\/v2\/media?parent=1394"}],"wp:term":[{"taxonomy":"category","embeddable":true,"href":"https:\/\/www.goelba.eu\/blog\/wp-json\/wp\/v2\/categories?post=1394"},{"taxonomy":"post_tag","embeddable":true,"href":"https:\/\/www.goelba.eu\/blog\/wp-json\/wp\/v2\/tags?post=1394"}],"curies":[{"name":"wp","href":"https:\/\/api.w.org\/{rel}","templated":true}]}}